{"id":967,"date":"2023-01-08T15:39:14","date_gmt":"2023-01-08T15:39:14","guid":{"rendered":"https:\/\/bruksslojd.se\/?p=967"},"modified":"2023-01-08T15:39:14","modified_gmt":"2023-01-08T15:39:14","slug":"nytt-ar-nya-vavar-igen","status":"publish","type":"post","link":"https:\/\/bruksslojd.se\/?p=967","title":{"rendered":"Nytt \u00e5r, nya v\u00e4var &#8211; igen!"},"content":{"rendered":"\n<figure class=\"wp-block-gallery has-nested-images columns-default is-cropped wp-block-gallery-1 is-layout-flex wp-block-gallery-is-layout-flex\">\n<figure class=\"wp-block-image size-large\"><img loading=\"lazy\" decoding=\"async\" width=\"576\" height=\"1024\" data-id=\"969\" src=\"https:\/\/bruksslojd.se\/wp-content\/uploads\/2023\/01\/GFOH9092-576x1024.jpg\" alt=\"\" class=\"wp-image-969\" srcset=\"https:\/\/bruksslojd.se\/wp-content\/uploads\/2023\/01\/GFOH9092-576x1024.jpg 576w, https:\/\/bruksslojd.se\/wp-content\/uploads\/2023\/01\/GFOH9092-169x300.jpg 169w, https:\/\/bruksslojd.se\/wp-content\/uploads\/2023\/01\/GFOH9092-768x1366.jpg 768w, https:\/\/bruksslojd.se\/wp-content\/uploads\/2023\/01\/GFOH9092-864x1536.jpg 864w, https:\/\/bruksslojd.se\/wp-content\/uploads\/2023\/01\/GFOH9092.jpg 1080w\" sizes=\"auto, (max-width: 576px) 100vw, 576px\" \/><\/figure>\n\n\n\n<figure class=\"wp-block-image size-large\"><img loading=\"lazy\" decoding=\"async\" width=\"768\" height=\"1024\" data-id=\"970\" src=\"https:\/\/bruksslojd.se\/wp-content\/uploads\/2023\/01\/IMG_4398-kopia-768x1024.jpg\" alt=\"\" class=\"wp-image-970\" srcset=\"https:\/\/bruksslojd.se\/wp-content\/uploads\/2023\/01\/IMG_4398-kopia-768x1024.jpg 768w, https:\/\/bruksslojd.se\/wp-content\/uploads\/2023\/01\/IMG_4398-kopia-225x300.jpg 225w, https:\/\/bruksslojd.se\/wp-content\/uploads\/2023\/01\/IMG_4398-kopia-1152x1536.jpg 1152w, https:\/\/bruksslojd.se\/wp-content\/uploads\/2023\/01\/IMG_4398-kopia-1536x2048.jpg 1536w, https:\/\/bruksslojd.se\/wp-content\/uploads\/2023\/01\/IMG_4398-kopia-scaled.jpg 1920w\" sizes=\"auto, (max-width: 768px) 100vw, 768px\" \/><\/figure>\n\n\n\n<figure class=\"wp-block-image size-large\"><img loading=\"lazy\" decoding=\"async\" width=\"768\" height=\"1024\" data-id=\"971\" src=\"https:\/\/bruksslojd.se\/wp-content\/uploads\/2023\/01\/IMG_4410-kopia-1-768x1024.jpg\" alt=\"\" class=\"wp-image-971\" srcset=\"https:\/\/bruksslojd.se\/wp-content\/uploads\/2023\/01\/IMG_4410-kopia-1-768x1024.jpg 768w, https:\/\/bruksslojd.se\/wp-content\/uploads\/2023\/01\/IMG_4410-kopia-1-225x300.jpg 225w, https:\/\/bruksslojd.se\/wp-content\/uploads\/2023\/01\/IMG_4410-kopia-1-1152x1536.jpg 1152w, https:\/\/bruksslojd.se\/wp-content\/uploads\/2023\/01\/IMG_4410-kopia-1-1536x2048.jpg 1536w, https:\/\/bruksslojd.se\/wp-content\/uploads\/2023\/01\/IMG_4410-kopia-1-scaled.jpg 1920w\" sizes=\"auto, (max-width: 768px) 100vw, 768px\" \/><\/figure>\n<\/figure>\n\n\n\n<p>Alla tre v\u00e4vstolarna som jag disponerar har nu v\u00e4var p\u00e5 g\u00e5ng. Minstingen, p\u00e5 v\u00e5r \u00f6verv\u00e5ning, har f\u00e5tt en regnb\u00e5gsvarp p\u00e5dragen, och d\u00e4r ska det bli v\u00e5ffelv\u00e4vshanddukar. I damastv\u00e4vstolen, som st\u00e5r i den gemensamma v\u00e4vstugan, h\u00e5ller jag p\u00e5 med en omg\u00e5ng ljusbl\u00e5 halvlinnehanddukar med motiv Tors\u00f6vargen (Tors\u00f6s symbol &#8211; ett stiliserat varghuvud som bl a vindfl\u00f6jel). Och i den st\u00f6rsta v\u00e4vstolen, ocks\u00e5 p\u00e5 v\u00e5r \u00f6verv\u00e5ning, har \u00e5rets f\u00f6rsta best\u00e4llning p\u00e5b\u00f6rjats, milt gr\u00f6n matta med svarta accenter. En timma h\u00e4r, en timma d\u00e4r, och s\u00e5 tv\u00e5 timmar p\u00e5 best\u00e4llningsv\u00e4ven &#8211; det fixar nog kroppen som &#8221;workout&#8221; varje dag!<\/p>\n","protected":false},"excerpt":{"rendered":"<p>Alla tre v\u00e4vstolarna som jag disponerar har nu v\u00e4var p\u00e5 g\u00e5ng. Minstingen, p\u00e5 v\u00e5r \u00f6verv\u00e5ning, har f\u00e5tt en regnb\u00e5gsvarp p\u00e5dragen, och d\u00e4r ska det bli v\u00e5ffelv\u00e4vshanddukar. I damastv\u00e4vstolen, som st\u00e5r i den gemensamma v\u00e4vstugan, h\u00e5ller jag p\u00e5 med en omg\u00e5ng &hellip; <a href=\"https:\/\/bruksslojd.se\/?p=967\">Forts\u00e4tt l\u00e4sa <span class=\"meta-nav\">&rarr;<\/span><\/a><\/p>\n","protected":false},"author":1,"featured_media":0,"comment_status":"open","ping_status":"open","sticky":false,"template":"","format":"standard","meta":{"footnotes":""},"categories":[12,5],"tags":[],"class_list":["post-967","post","type-post","status-publish","format-standard","hentry","category-inspiration","category-vavning"],"_links":{"self":[{"href":"https:\/\/bruksslojd.se\/index.php?rest_route=\/wp\/v2\/posts\/967","targetHints":{"allow":["GET"]}}],"collection":[{"href":"https:\/\/bruksslojd.se\/index.php?rest_route=\/wp\/v2\/posts"}],"about":[{"href":"https:\/\/bruksslojd.se\/index.php?rest_route=\/wp\/v2\/types\/post"}],"author":[{"embeddable":true,"href":"https:\/\/bruksslojd.se\/index.php?rest_route=\/wp\/v2\/users\/1"}],"replies":[{"embeddable":true,"href":"https:\/\/bruksslojd.se\/index.php?rest_route=%2Fwp%2Fv2%2Fcomments&post=967"}],"version-history":[{"count":1,"href":"https:\/\/bruksslojd.se\/index.php?rest_route=\/wp\/v2\/posts\/967\/revisions"}],"predecessor-version":[{"id":972,"href":"https:\/\/bruksslojd.se\/index.php?rest_route=\/wp\/v2\/posts\/967\/revisions\/972"}],"wp:attachment":[{"href":"https:\/\/bruksslojd.se\/index.php?rest_route=%2Fwp%2Fv2%2Fmedia&parent=967"}],"wp:term":[{"taxonomy":"category","embeddable":true,"href":"https:\/\/bruksslojd.se\/index.php?rest_route=%2Fwp%2Fv2%2Fcategories&post=967"},{"taxonomy":"post_tag","embeddable":true,"href":"https:\/\/bruksslojd.se\/index.php?rest_route=%2Fwp%2Fv2%2Ftags&post=967"}],"curies":[{"name":"wp","href":"https:\/\/api.w.org\/{rel}","templated":true}]}}