{"id":957,"date":"2022-12-11T13:24:06","date_gmt":"2022-12-11T13:24:06","guid":{"rendered":"https:\/\/bruksslojd.se\/?p=957"},"modified":"2022-12-11T13:24:06","modified_gmt":"2022-12-11T13:24:06","slug":"julmarknad-extra-allt","status":"publish","type":"post","link":"https:\/\/bruksslojd.se\/?p=957","title":{"rendered":"Julmarknad extra allt"},"content":{"rendered":"<div class=\"wp-block-image\">\n<figure class=\"alignleft size-large\"><img loading=\"lazy\" decoding=\"async\" width=\"1024\" height=\"768\" src=\"https:\/\/bruksslojd.se\/wp-content\/uploads\/2022\/12\/IMG_4380-1024x768.jpg\" alt=\"\" class=\"wp-image-958\" srcset=\"https:\/\/bruksslojd.se\/wp-content\/uploads\/2022\/12\/IMG_4380-1024x768.jpg 1024w, https:\/\/bruksslojd.se\/wp-content\/uploads\/2022\/12\/IMG_4380-300x225.jpg 300w, https:\/\/bruksslojd.se\/wp-content\/uploads\/2022\/12\/IMG_4380-768x576.jpg 768w, https:\/\/bruksslojd.se\/wp-content\/uploads\/2022\/12\/IMG_4380-1536x1152.jpg 1536w, https:\/\/bruksslojd.se\/wp-content\/uploads\/2022\/12\/IMG_4380-2048x1536.jpg 2048w\" sizes=\"auto, (max-width: 1024px) 100vw, 1024px\" \/><figcaption class=\"wp-element-caption\">Bordet kl 13.30 &#8211; n\u00e4r vi st\u00e4ngde kl 17.00 var det m\u00e5nga alster som hittat nya hem!<\/figcaption><\/figure>\n<\/div>\n\n\n<p><\/p>\n\n\n\n<p>L\u00f6rdagen var en fantastisk dag &#8211; Tors\u00f6g\u00e5rden var fylld av m\u00e4nniskor, dofter, samtal, skratt, kort sagt LIV! V\u00e4dret var b\u00e4sta t\u00e4nkbara &#8211; halvklart, n\u00e5gra minusgrader och ett tunt vitt t\u00e4cke \u00f6ver hela naturen. Eldkorgarna knastrade och brann p\u00e5 g\u00e5rden, bes\u00f6kare str\u00f6mmade in hela tiden, beundrade julrosor, cyklamen och d\u00f6rrkransar i farstun och v\u00e4lkomnades av kaffedoft och ett minst sagt dignande kakbuff\u00e9bord inne i stora Koffasalen d\u00e4r vi hantverkare stod. Stickat vid tv\u00e5 bord, f\u00e5rskinnsf\u00e4llar vid ett annat, tovade vinkylare och sittunderl\u00e4gg samt microproducerad \u00f6l vid ytterligare ett. Snidade prydnader f\u00f6r hem och tr\u00e4dg\u00e5rd fanns ocks\u00e5 (som s\u00e5ldes till f\u00f6rm\u00e5n f\u00f6r Alzheimerf\u00f6reningen), och s\u00e5 jag, d\u00e5, med v\u00e5ra produkter. Alla lokala f\u00f6rm\u00e5gor fr\u00e5n \u00f6n eller precis intill, och mycket h\u00f6g kvalitet! &#8211; Pricken \u00f6ver i kom n\u00e4r Tors\u00f6 Vokalensemble underh\u00f6ll med Christmas Carols en stund. Mycket njutbart, vill jag lova!<\/p>\n\n\n\n<figure class=\"wp-block-gallery has-nested-images columns-default is-cropped wp-block-gallery-1 is-layout-flex wp-block-gallery-is-layout-flex\">\n<figure class=\"wp-block-image size-large\"><img loading=\"lazy\" decoding=\"async\" width=\"1024\" height=\"768\" data-id=\"960\" src=\"https:\/\/bruksslojd.se\/wp-content\/uploads\/2022\/12\/IMG_4379-1024x768.jpg\" alt=\"\" class=\"wp-image-960\" srcset=\"https:\/\/bruksslojd.se\/wp-content\/uploads\/2022\/12\/IMG_4379-1024x768.jpg 1024w, https:\/\/bruksslojd.se\/wp-content\/uploads\/2022\/12\/IMG_4379-300x225.jpg 300w, https:\/\/bruksslojd.se\/wp-content\/uploads\/2022\/12\/IMG_4379-768x576.jpg 768w, https:\/\/bruksslojd.se\/wp-content\/uploads\/2022\/12\/IMG_4379-1536x1152.jpg 1536w, https:\/\/bruksslojd.se\/wp-content\/uploads\/2022\/12\/IMG_4379-2048x1536.jpg 2048w\" sizes=\"auto, (max-width: 1024px) 100vw, 1024px\" \/><figcaption class=\"wp-element-caption\">Mattor, handdukar och l\u00f6pare, bl a<\/figcaption><\/figure>\n\n\n\n<figure class=\"wp-block-image size-large\"><img loading=\"lazy\" decoding=\"async\" width=\"768\" height=\"1024\" data-id=\"959\" src=\"https:\/\/bruksslojd.se\/wp-content\/uploads\/2022\/12\/IMG_4377-768x1024.jpg\" alt=\"\" class=\"wp-image-959\" srcset=\"https:\/\/bruksslojd.se\/wp-content\/uploads\/2022\/12\/IMG_4377-768x1024.jpg 768w, https:\/\/bruksslojd.se\/wp-content\/uploads\/2022\/12\/IMG_4377-225x300.jpg 225w, https:\/\/bruksslojd.se\/wp-content\/uploads\/2022\/12\/IMG_4377-1152x1536.jpg 1152w, https:\/\/bruksslojd.se\/wp-content\/uploads\/2022\/12\/IMG_4377-1536x2048.jpg 1536w, https:\/\/bruksslojd.se\/wp-content\/uploads\/2022\/12\/IMG_4377-scaled.jpg 1920w\" sizes=\"auto, (max-width: 768px) 100vw, 768px\" \/><figcaption class=\"wp-element-caption\">Nya handdukarna gjorde succ\u00e9!<\/figcaption><\/figure>\n<\/figure>\n","protected":false},"excerpt":{"rendered":"<p>L\u00f6rdagen var en fantastisk dag &#8211; Tors\u00f6g\u00e5rden var fylld av m\u00e4nniskor, dofter, samtal, skratt, kort sagt LIV! V\u00e4dret var b\u00e4sta t\u00e4nkbara &#8211; halvklart, n\u00e5gra minusgrader och ett tunt vitt t\u00e4cke \u00f6ver hela naturen. Eldkorgarna knastrade och brann p\u00e5 g\u00e5rden, bes\u00f6kare &hellip; <a href=\"https:\/\/bruksslojd.se\/?p=957\">Forts\u00e4tt l\u00e4sa <span class=\"meta-nav\">&rarr;<\/span><\/a><\/p>\n","protected":false},"author":1,"featured_media":0,"comment_status":"open","ping_status":"open","sticky":false,"template":"","format":"standard","meta":{"footnotes":""},"categories":[16,11,5],"tags":[],"class_list":["post-957","post","type-post","status-publish","format-standard","hentry","category-torsogarden","category-utstallningar","category-vavning"],"_links":{"self":[{"href":"https:\/\/bruksslojd.se\/index.php?rest_route=\/wp\/v2\/posts\/957","targetHints":{"allow":["GET"]}}],"collection":[{"href":"https:\/\/bruksslojd.se\/index.php?rest_route=\/wp\/v2\/posts"}],"about":[{"href":"https:\/\/bruksslojd.se\/index.php?rest_route=\/wp\/v2\/types\/post"}],"author":[{"embeddable":true,"href":"https:\/\/bruksslojd.se\/index.php?rest_route=\/wp\/v2\/users\/1"}],"replies":[{"embeddable":true,"href":"https:\/\/bruksslojd.se\/index.php?rest_route=%2Fwp%2Fv2%2Fcomments&post=957"}],"version-history":[{"count":1,"href":"https:\/\/bruksslojd.se\/index.php?rest_route=\/wp\/v2\/posts\/957\/revisions"}],"predecessor-version":[{"id":962,"href":"https:\/\/bruksslojd.se\/index.php?rest_route=\/wp\/v2\/posts\/957\/revisions\/962"}],"wp:attachment":[{"href":"https:\/\/bruksslojd.se\/index.php?rest_route=%2Fwp%2Fv2%2Fmedia&parent=957"}],"wp:term":[{"taxonomy":"category","embeddable":true,"href":"https:\/\/bruksslojd.se\/index.php?rest_route=%2Fwp%2Fv2%2Fcategories&post=957"},{"taxonomy":"post_tag","embeddable":true,"href":"https:\/\/bruksslojd.se\/index.php?rest_route=%2Fwp%2Fv2%2Ftags&post=957"}],"curies":[{"name":"wp","href":"https:\/\/api.w.org\/{rel}","templated":true}]}}