{"id":865,"date":"2020-11-05T17:17:21","date_gmt":"2020-11-05T17:17:21","guid":{"rendered":"http:\/\/bruksslojd.se\/?p=865"},"modified":"2020-11-05T17:17:21","modified_gmt":"2020-11-05T17:17:21","slug":"joda-vavningen-pagar-fortfarande","status":"publish","type":"post","link":"https:\/\/bruksslojd.se\/?p=865","title":{"rendered":"Jod\u00e5, v\u00e4vningen p\u00e5g\u00e5r fortfarande&#8230;."},"content":{"rendered":"<p>Sen ett helt \u00e5r tillbaka har jag inte uppdaterat bloggen &#8211; brrr! Men som alla vet s\u00e5 kom en pandemi \u00f6ver oss, och \u00e4ven om vi h\u00e4r hemma hittills varit f\u00f6rskonade fr\u00e5n covid-19 s\u00e5 har vi f\u00f6rst\u00e5s p\u00e5verkats, som alla andra.<\/p>\n<p>Tors\u00f6v\u00e4varnas flytt till v\u00e5ra lokaler h\u00e4r hemma blev av helt enligt plan i slutet av februari, men sen fick vi ju pausa all verksamhet fr\u00e5n 13 mars till 3 september. Jag m\u00e5ste erk\u00e4nna att luften gick ur mig totalt i det l\u00e4get &#8211; s\u00e5 mycket engagemang och anstr\u00e4ngning under st\u00f6rre delen av 2019, och sen blev det ett s\u00e5nt antiklimax! Men under v\u00e4vstugest\u00e4ngningen anv\u00e4nde jag tiden och fr\u00e5nvaron av v\u00e4verskor till att renovera alla f\u00f6nster i lokalen, ett i taget inne i v\u00e5r tv\u00e4ttstuga, och det var ju sp\u00e4nnande med oljning, kittning, grundning och m\u00e5lning. Mitt mantra blev ett citat av Pippi L\u00e5ngstrump: &#8221;Det har jag aldrig gjort f\u00f6rut, s\u00e5 det ska s\u00e4kert g\u00e5 bra!&#8221; Och bara man h\u00e5ller p\u00e5 s\u00e5 blir det ju klart, s\u00e5 sm\u00e5ningom&#8230;<\/p>\n<p>Sen i b\u00f6rjan av september startade vi upp verksamheten igen, n\u00e4r skolstarten inte visade sig medf\u00f6ra n\u00e5gon akut \u00f6kning av smittan. Och nu, i b\u00f6rjan av november, har vi f\u00e5tt st\u00e4nga ner igen, i enlighet med Folkh\u00e4lsomyndighetens rekommendationer f\u00f6r m\u00f6ten mm inomhus i tr\u00e5nga lokaler. Surt men n\u00f6dv\u00e4ndigt.<\/p>\n<p>Min egna v\u00e4vning har varit p\u00e5 total paus under hela den h\u00e4r tiden. F\u00f6rst ig\u00e5r b\u00f6rjade jag \u00e5ter sy samman trasor f\u00f6r att v\u00e4va ner resterande oblekt mattvarp &#8211; t\u00e4nker mig en turkos matta med kornbl\u00e5 smala rutor p\u00e5, som en kombination av dessa b\u00e5da mattor kanske!<\/p>\n<p><img loading=\"lazy\" decoding=\"async\" class=\"alignleft size-medium wp-image-859\" src=\"https:\/\/bruksslojd.se\/wp-content\/uploads\/2019\/08\/IMG_E1685-300x225.jpg\" alt=\"\" width=\"300\" height=\"225\" srcset=\"https:\/\/bruksslojd.se\/wp-content\/uploads\/2019\/08\/IMG_E1685-300x225.jpg 300w, https:\/\/bruksslojd.se\/wp-content\/uploads\/2019\/08\/IMG_E1685-768x576.jpg 768w, https:\/\/bruksslojd.se\/wp-content\/uploads\/2019\/08\/IMG_E1685-1024x768.jpg 1024w\" sizes=\"auto, (max-width: 300px) 100vw, 300px\" \/><img loading=\"lazy\" decoding=\"async\" class=\"alignleft size-medium wp-image-813\" src=\"https:\/\/bruksslojd.se\/wp-content\/uploads\/2018\/11\/IMG_0883-e1542703608609-225x300.jpg\" alt=\"\" width=\"225\" height=\"300\" srcset=\"https:\/\/bruksslojd.se\/wp-content\/uploads\/2018\/11\/IMG_0883-e1542703608609-225x300.jpg 225w, https:\/\/bruksslojd.se\/wp-content\/uploads\/2018\/11\/IMG_0883-e1542703608609-768x1024.jpg 768w\" sizes=\"auto, (max-width: 225px) 100vw, 225px\" \/><\/p>\n","protected":false},"excerpt":{"rendered":"<p>Sen ett helt \u00e5r tillbaka har jag inte uppdaterat bloggen &#8211; brrr! Men som alla vet s\u00e5 kom en pandemi \u00f6ver oss, och \u00e4ven om vi h\u00e4r hemma hittills varit f\u00f6rskonade fr\u00e5n covid-19 s\u00e5 har vi f\u00f6rst\u00e5s p\u00e5verkats, som alla &hellip; <a href=\"https:\/\/bruksslojd.se\/?p=865\">Forts\u00e4tt l\u00e4sa <span class=\"meta-nav\">&rarr;<\/span><\/a><\/p>\n","protected":false},"author":1,"featured_media":0,"comment_status":"open","ping_status":"open","sticky":false,"template":"","format":"standard","meta":{"footnotes":""},"categories":[17,5],"tags":[],"class_list":["post-865","post","type-post","status-publish","format-standard","hentry","category-torsovavarna","category-vavning"],"_links":{"self":[{"href":"https:\/\/bruksslojd.se\/index.php?rest_route=\/wp\/v2\/posts\/865","targetHints":{"allow":["GET"]}}],"collection":[{"href":"https:\/\/bruksslojd.se\/index.php?rest_route=\/wp\/v2\/posts"}],"about":[{"href":"https:\/\/bruksslojd.se\/index.php?rest_route=\/wp\/v2\/types\/post"}],"author":[{"embeddable":true,"href":"https:\/\/bruksslojd.se\/index.php?rest_route=\/wp\/v2\/users\/1"}],"replies":[{"embeddable":true,"href":"https:\/\/bruksslojd.se\/index.php?rest_route=%2Fwp%2Fv2%2Fcomments&post=865"}],"version-history":[{"count":1,"href":"https:\/\/bruksslojd.se\/index.php?rest_route=\/wp\/v2\/posts\/865\/revisions"}],"predecessor-version":[{"id":866,"href":"https:\/\/bruksslojd.se\/index.php?rest_route=\/wp\/v2\/posts\/865\/revisions\/866"}],"wp:attachment":[{"href":"https:\/\/bruksslojd.se\/index.php?rest_route=%2Fwp%2Fv2%2Fmedia&parent=865"}],"wp:term":[{"taxonomy":"category","embeddable":true,"href":"https:\/\/bruksslojd.se\/index.php?rest_route=%2Fwp%2Fv2%2Fcategories&post=865"},{"taxonomy":"post_tag","embeddable":true,"href":"https:\/\/bruksslojd.se\/index.php?rest_route=%2Fwp%2Fv2%2Ftags&post=865"}],"curies":[{"name":"wp","href":"https:\/\/api.w.org\/{rel}","templated":true}]}}