{"id":806,"date":"2018-11-06T18:23:28","date_gmt":"2018-11-06T18:23:28","guid":{"rendered":"http:\/\/bruksslojd.se\/?p=806"},"modified":"2018-11-06T18:23:28","modified_gmt":"2018-11-06T18:23:28","slug":"arets-julmatta","status":"publish","type":"post","link":"https:\/\/bruksslojd.se\/?p=806","title":{"rendered":"\u00c5rets julmatta"},"content":{"rendered":"<p><img loading=\"lazy\" decoding=\"async\" class=\"alignleft size-medium wp-image-808\" src=\"https:\/\/bruksslojd.se\/wp-content\/uploads\/2018\/11\/IMG_0860-e1541528335237-225x300.jpg\" alt=\"IMG_0860\" width=\"225\" height=\"300\" srcset=\"https:\/\/bruksslojd.se\/wp-content\/uploads\/2018\/11\/IMG_0860-e1541528335237-225x300.jpg 225w, https:\/\/bruksslojd.se\/wp-content\/uploads\/2018\/11\/IMG_0860-e1541528335237-768x1024.jpg 768w\" sizes=\"auto, (max-width: 225px) 100vw, 225px\" \/>Nu v\u00e4xer den fram, \u00e5rets julmatta. Alla r\u00f6da trasor jag hittade i mina vidlyftiga f\u00f6rr\u00e5d har jag skurit och blandat f\u00f6r att f\u00e5 en levande yta. Och kypertdiagonalen v\u00e4nder i kanterna, och den h\u00e4r g\u00e5ngen ocks\u00e5 i b\u00f6rjan och slutet av mattan. Men det syns f\u00f6rst n\u00e4r den \u00e4r f\u00e4rdig och nerklippt. F\u00f6rhoppningsvis har jag den klar till \u00e5rets f\u00f6rsta julmarknad, p\u00e5 Vadsbo Museum i Mariestad p\u00e5 julskyltningen runt 1:a Advent.<\/p>\n<p>Om det hinner bli n\u00e5gra yllekuddar, som p\u00e5g\u00e5r i den lilla v\u00e4vstolen, \u00e5terst\u00e5r verkligen att se&#8230;.<\/p>\n","protected":false},"excerpt":{"rendered":"<p>Nu v\u00e4xer den fram, \u00e5rets julmatta. Alla r\u00f6da trasor jag hittade i mina vidlyftiga f\u00f6rr\u00e5d har jag skurit och blandat f\u00f6r att f\u00e5 en levande yta. Och kypertdiagonalen v\u00e4nder i kanterna, och den h\u00e4r g\u00e5ngen ocks\u00e5 i b\u00f6rjan och slutet &hellip; <a href=\"https:\/\/bruksslojd.se\/?p=806\">Forts\u00e4tt l\u00e4sa <span class=\"meta-nav\">&rarr;<\/span><\/a><\/p>\n","protected":false},"author":1,"featured_media":0,"comment_status":"open","ping_status":"open","sticky":false,"template":"","format":"standard","meta":{"footnotes":""},"categories":[11,5],"tags":[],"class_list":["post-806","post","type-post","status-publish","format-standard","hentry","category-utstallningar","category-vavning"],"_links":{"self":[{"href":"https:\/\/bruksslojd.se\/index.php?rest_route=\/wp\/v2\/posts\/806","targetHints":{"allow":["GET"]}}],"collection":[{"href":"https:\/\/bruksslojd.se\/index.php?rest_route=\/wp\/v2\/posts"}],"about":[{"href":"https:\/\/bruksslojd.se\/index.php?rest_route=\/wp\/v2\/types\/post"}],"author":[{"embeddable":true,"href":"https:\/\/bruksslojd.se\/index.php?rest_route=\/wp\/v2\/users\/1"}],"replies":[{"embeddable":true,"href":"https:\/\/bruksslojd.se\/index.php?rest_route=%2Fwp%2Fv2%2Fcomments&post=806"}],"version-history":[{"count":1,"href":"https:\/\/bruksslojd.se\/index.php?rest_route=\/wp\/v2\/posts\/806\/revisions"}],"predecessor-version":[{"id":809,"href":"https:\/\/bruksslojd.se\/index.php?rest_route=\/wp\/v2\/posts\/806\/revisions\/809"}],"wp:attachment":[{"href":"https:\/\/bruksslojd.se\/index.php?rest_route=%2Fwp%2Fv2%2Fmedia&parent=806"}],"wp:term":[{"taxonomy":"category","embeddable":true,"href":"https:\/\/bruksslojd.se\/index.php?rest_route=%2Fwp%2Fv2%2Fcategories&post=806"},{"taxonomy":"post_tag","embeddable":true,"href":"https:\/\/bruksslojd.se\/index.php?rest_route=%2Fwp%2Fv2%2Ftags&post=806"}],"curies":[{"name":"wp","href":"https:\/\/api.w.org\/{rel}","templated":true}]}}