{"id":741,"date":"2018-01-21T20:08:21","date_gmt":"2018-01-21T20:08:21","guid":{"rendered":"http:\/\/bruksslojd.se\/?p=741"},"modified":"2018-01-21T20:12:00","modified_gmt":"2018-01-21T20:12:00","slug":"lara-sa-lange-man-lever","status":"publish","type":"post","link":"https:\/\/bruksslojd.se\/?p=741","title":{"rendered":"L\u00e4ra s\u00e5 l\u00e4nge man lever"},"content":{"rendered":"<h2><img loading=\"lazy\" decoding=\"async\" class=\"alignleft wp-image-742 size-medium\" src=\"https:\/\/bruksslojd.se\/wp-content\/uploads\/2018\/01\/IMG_0053-e1516564917968-225x300.jpg\" alt=\"IMG_0053\" width=\"225\" height=\"300\" srcset=\"https:\/\/bruksslojd.se\/wp-content\/uploads\/2018\/01\/IMG_0053-e1516564917968-225x300.jpg 225w, https:\/\/bruksslojd.se\/wp-content\/uploads\/2018\/01\/IMG_0053-e1516564917968-768x1024.jpg 768w\" sizes=\"auto, (max-width: 225px) 100vw, 225px\" \/> <img loading=\"lazy\" decoding=\"async\" class=\"alignleft wp-image-744 size-medium\" src=\"https:\/\/bruksslojd.se\/wp-content\/uploads\/2018\/01\/IMG_0054-e1516564969201-225x300.jpg\" alt=\"IMG_0054\" width=\"225\" height=\"300\" srcset=\"https:\/\/bruksslojd.se\/wp-content\/uploads\/2018\/01\/IMG_0054-e1516564969201-225x300.jpg 225w, https:\/\/bruksslojd.se\/wp-content\/uploads\/2018\/01\/IMG_0054-e1516564969201-768x1024.jpg 768w\" sizes=\"auto, (max-width: 225px) 100vw, 225px\" \/>Matta i &#8221;omtrampad kypert&#8221;, min allra f\u00f6rsta!<\/h2>\n<p>&nbsp;<\/p>\n<p>&nbsp;<\/p>\n<p>&nbsp;<\/p>\n<p>&nbsp;<\/p>\n<p>Veckan f\u00f6re midsommar gick jag en kurs i mattv\u00e4vningstekniker p\u00e5 V\u00e4vstolsmuseet i Glim\u00e5kra f\u00f6r Marie Rolander, med ambitionen att kn\u00e4cka koden f\u00f6r just omtrampad kypert. Det blev en verklig energi- och inspirationskick, och under senh\u00f6sten anv\u00e4nde jag upp alla mina svarta trasor i f\u00f6rr\u00e5det till denna lilla matta, med r\u00f6da accenter. Och jag lovar &#8211; det kommer fler, i andra f\u00e4rgst\u00e4llningar! Just nu jobbar jag med trasorna till en duvbl\u00e5gr\u00e5 med cerise och syrenlila accenter. M\u00f6jligheterna \u00e4r o\u00e4ndliga!<\/p>\n","protected":false},"excerpt":{"rendered":"<p>Matta i &#8221;omtrampad kypert&#8221;, min allra f\u00f6rsta! &nbsp; &nbsp; &nbsp; &nbsp; Veckan f\u00f6re midsommar gick jag en kurs i mattv\u00e4vningstekniker p\u00e5 V\u00e4vstolsmuseet i Glim\u00e5kra f\u00f6r Marie Rolander, med ambitionen att kn\u00e4cka koden f\u00f6r just omtrampad kypert. Det blev en verklig &hellip; <a href=\"https:\/\/bruksslojd.se\/?p=741\">Forts\u00e4tt l\u00e4sa <span class=\"meta-nav\">&rarr;<\/span><\/a><\/p>\n","protected":false},"author":1,"featured_media":0,"comment_status":"open","ping_status":"open","sticky":false,"template":"","format":"standard","meta":{"footnotes":""},"categories":[12,5],"tags":[],"class_list":["post-741","post","type-post","status-publish","format-standard","hentry","category-inspiration","category-vavning"],"_links":{"self":[{"href":"https:\/\/bruksslojd.se\/index.php?rest_route=\/wp\/v2\/posts\/741","targetHints":{"allow":["GET"]}}],"collection":[{"href":"https:\/\/bruksslojd.se\/index.php?rest_route=\/wp\/v2\/posts"}],"about":[{"href":"https:\/\/bruksslojd.se\/index.php?rest_route=\/wp\/v2\/types\/post"}],"author":[{"embeddable":true,"href":"https:\/\/bruksslojd.se\/index.php?rest_route=\/wp\/v2\/users\/1"}],"replies":[{"embeddable":true,"href":"https:\/\/bruksslojd.se\/index.php?rest_route=%2Fwp%2Fv2%2Fcomments&post=741"}],"version-history":[{"count":3,"href":"https:\/\/bruksslojd.se\/index.php?rest_route=\/wp\/v2\/posts\/741\/revisions"}],"predecessor-version":[{"id":747,"href":"https:\/\/bruksslojd.se\/index.php?rest_route=\/wp\/v2\/posts\/741\/revisions\/747"}],"wp:attachment":[{"href":"https:\/\/bruksslojd.se\/index.php?rest_route=%2Fwp%2Fv2%2Fmedia&parent=741"}],"wp:term":[{"taxonomy":"category","embeddable":true,"href":"https:\/\/bruksslojd.se\/index.php?rest_route=%2Fwp%2Fv2%2Fcategories&post=741"},{"taxonomy":"post_tag","embeddable":true,"href":"https:\/\/bruksslojd.se\/index.php?rest_route=%2Fwp%2Fv2%2Ftags&post=741"}],"curies":[{"name":"wp","href":"https:\/\/api.w.org\/{rel}","templated":true}]}}