{"id":738,"date":"2018-01-09T19:09:05","date_gmt":"2018-01-09T19:09:05","guid":{"rendered":"http:\/\/bruksslojd.se\/?p=738"},"modified":"2018-01-09T19:10:09","modified_gmt":"2018-01-09T19:10:09","slug":"back-in-business","status":"publish","type":"post","link":"https:\/\/bruksslojd.se\/?p=738","title":{"rendered":"Back in business"},"content":{"rendered":"<p>\u00c4ntligen \u00e4r jag tillbaka i etern efter att ha varit utesl\u00e4ngd &#8211; eller OK d\u00e5, jag hade tappat bort l\u00f6senordet till hemsidan och kom inte in f\u00f6r att uppdatera. Inte l\u00e4tt att tillh\u00f6ra farmorsgenerationen i den h\u00e4r digitala v\u00e4rlden, ska jag s\u00e4ga&#8230;<\/p>\n<p>Under h\u00f6sten har jag varit med och startat upp en v\u00e4vstuga p\u00e5 Tors\u00f6 &#8211; f\u00f6reningen Tors\u00f6v\u00e4varna, som h\u00e5ller till i den gamla nerlagda aff\u00e4ren p\u00e5 \u00f6n. Under november-december har vi varit ett tappert g\u00e4ng som renoverat lokalen, h\u00e4mtat sk\u00e4nkta och egentligen f\u00f6r tippen \u00e4mnade b\u00e5de\u00a0hyllor, matbord och v\u00e4vstolar (samt n\u00e5gra ink\u00f6pta), och ig\u00e5r kv\u00e4ll hade vi v\u00e5rt officiella bildandem\u00f6te.<\/p>\n<p>Lokalen rymmer 11 v\u00e4vstolar, som nu monteras samman f\u00f6r att under v\u00e5ren fyllas med varpar och sen v\u00e4var p\u00e5 den grundkurs som jag ska h\u00e5lla i. Sp\u00e4nnande, j\u00e4tteroligt och lite l\u00e4skigt.<\/p>\n<p>Mer om detta senare, och om min egen produktion som ju p\u00e5g\u00e5r parallellt hemma i atelj\u00e9n!<\/p>\n","protected":false},"excerpt":{"rendered":"<p>\u00c4ntligen \u00e4r jag tillbaka i etern efter att ha varit utesl\u00e4ngd &#8211; eller OK d\u00e5, jag hade tappat bort l\u00f6senordet till hemsidan och kom inte in f\u00f6r att uppdatera. Inte l\u00e4tt att tillh\u00f6ra farmorsgenerationen i den h\u00e4r digitala v\u00e4rlden, ska &hellip; <a href=\"https:\/\/bruksslojd.se\/?p=738\">Forts\u00e4tt l\u00e4sa <span class=\"meta-nav\">&rarr;<\/span><\/a><\/p>\n","protected":false},"author":1,"featured_media":0,"comment_status":"open","ping_status":"open","sticky":false,"template":"","format":"standard","meta":{"footnotes":""},"categories":[17,5],"tags":[],"class_list":["post-738","post","type-post","status-publish","format-standard","hentry","category-torsovavarna","category-vavning"],"_links":{"self":[{"href":"https:\/\/bruksslojd.se\/index.php?rest_route=\/wp\/v2\/posts\/738","targetHints":{"allow":["GET"]}}],"collection":[{"href":"https:\/\/bruksslojd.se\/index.php?rest_route=\/wp\/v2\/posts"}],"about":[{"href":"https:\/\/bruksslojd.se\/index.php?rest_route=\/wp\/v2\/types\/post"}],"author":[{"embeddable":true,"href":"https:\/\/bruksslojd.se\/index.php?rest_route=\/wp\/v2\/users\/1"}],"replies":[{"embeddable":true,"href":"https:\/\/bruksslojd.se\/index.php?rest_route=%2Fwp%2Fv2%2Fcomments&post=738"}],"version-history":[{"count":1,"href":"https:\/\/bruksslojd.se\/index.php?rest_route=\/wp\/v2\/posts\/738\/revisions"}],"predecessor-version":[{"id":739,"href":"https:\/\/bruksslojd.se\/index.php?rest_route=\/wp\/v2\/posts\/738\/revisions\/739"}],"wp:attachment":[{"href":"https:\/\/bruksslojd.se\/index.php?rest_route=%2Fwp%2Fv2%2Fmedia&parent=738"}],"wp:term":[{"taxonomy":"category","embeddable":true,"href":"https:\/\/bruksslojd.se\/index.php?rest_route=%2Fwp%2Fv2%2Fcategories&post=738"},{"taxonomy":"post_tag","embeddable":true,"href":"https:\/\/bruksslojd.se\/index.php?rest_route=%2Fwp%2Fv2%2Ftags&post=738"}],"curies":[{"name":"wp","href":"https:\/\/api.w.org\/{rel}","templated":true}]}}