{"id":715,"date":"2017-07-12T17:11:22","date_gmt":"2017-07-12T17:11:22","guid":{"rendered":"http:\/\/bruksslojd.se\/?p=715"},"modified":"2018-02-15T13:22:13","modified_gmt":"2018-02-15T13:22:13","slug":"mjuk-ar-ullen-mjuk-blir-jag-i-sinnet","status":"publish","type":"post","link":"https:\/\/bruksslojd.se\/?p=715","title":{"rendered":"Mjuk \u00e4r ullen, mjuk blir jag i sinnet"},"content":{"rendered":"<p><img loading=\"lazy\" decoding=\"async\" class=\"alignleft wp-image-716 size-medium\" src=\"https:\/\/bruksslojd.se\/wp-content\/uploads\/2017\/07\/IMG_2644-300x225.jpg\" alt=\"IMG_2644\" width=\"300\" height=\"225\" srcset=\"https:\/\/bruksslojd.se\/wp-content\/uploads\/2017\/07\/IMG_2644-300x225.jpg 300w, https:\/\/bruksslojd.se\/wp-content\/uploads\/2017\/07\/IMG_2644-1024x768.jpg 1024w\" sizes=\"auto, (max-width: 300px) 100vw, 300px\" \/>Nu ska det bli ullpl\u00e4dar, efter k\u00e4mpandet med superbreda mattan. Lite sn\u00e4llare mot kroppen, lite mjukare material. &#8221;F\u00f6s-v\u00e4v&#8221; kallar jag pl\u00e4dv\u00e4vning och gardinv\u00e4vning. Inget sl\u00e5ende med slagbommen &#8211; man f\u00f6ser intill inslaget!<\/p>\n<p>Det \u00e4r s\u00e5 tr\u00e5ngt i v\u00e4vstugan, och jag ville slippa momentet att nysta upp ullgarnet fr\u00e5n h\u00e4rvor till rullar. Ist\u00e4llet varpade jag direkt fr\u00e5n h\u00e4rvan, med hj\u00e4lp av mina tv\u00e5 nystvindor. Och dom passade perfekt att s\u00e4tta upp p\u00e5 r\u00e4cket till min lilla f\u00f6rstukvist p\u00e5 v\u00e4vstugan, och s\u00e5 varpan p\u00e5 fikabordet! Ljuvligt sommarv\u00e4der blev det, och en ren njutning att jobba utomhus&#8230;<\/p>\n<p><img loading=\"lazy\" decoding=\"async\" class=\"alignleft wp-image-718 size-medium\" src=\"https:\/\/bruksslojd.se\/wp-content\/uploads\/2017\/07\/IMG_2647-300x225.jpg\" alt=\"IMG_2647\" width=\"300\" height=\"225\" srcset=\"https:\/\/bruksslojd.se\/wp-content\/uploads\/2017\/07\/IMG_2647-300x225.jpg 300w, https:\/\/bruksslojd.se\/wp-content\/uploads\/2017\/07\/IMG_2647-1024x768.jpg 1024w\" sizes=\"auto, (max-width: 300px) 100vw, 300px\" \/> <img loading=\"lazy\" decoding=\"async\" class=\"alignleft wp-image-720 size-medium\" src=\"https:\/\/bruksslojd.se\/wp-content\/uploads\/2017\/07\/IMG_2649-300x225.jpg\" alt=\"IMG_2649\" width=\"300\" height=\"225\" srcset=\"https:\/\/bruksslojd.se\/wp-content\/uploads\/2017\/07\/IMG_2649-300x225.jpg 300w, https:\/\/bruksslojd.se\/wp-content\/uploads\/2017\/07\/IMG_2649-1024x768.jpg 1024w\" sizes=\"auto, (max-width: 300px) 100vw, 300px\" \/>Efter f\u00f6rskedningen, d\u00e5 jag ser till att breda ut varpen till den bredd den ska ha i v\u00e4vstolen, var det dags f\u00f6r p\u00e5dragning, och det klarar jag p\u00e5 egen hand med min p\u00e5dragningsknekt, d\u00e4r moth\u00e5llet ist\u00e4llet f\u00f6r tre starka damer \u00e4r tre plastdunkar (f\u00f6r bensin, tror jag) med r\u00e4tt vattenm\u00e4ngd i f\u00f6r identisk tyngd. Funkar perfekt, och jag f\u00e5r ett ordentligt work out-pass p\u00e5 k\u00f6pet.<\/p>\n<p><img loading=\"lazy\" decoding=\"async\" class=\"alignleft size-thumbnail wp-image-717\" src=\"https:\/\/bruksslojd.se\/wp-content\/uploads\/2017\/07\/IMG_2646-150x150.jpg\" alt=\"IMG_2646\" width=\"150\" height=\"150\" \/><\/p>\n<p>&nbsp;<\/p>\n<p>S\u00e4llskap hade jag ocks\u00e5, men lilla Daisy sov gott i sin b\u00e4dd medan jag slet och svettades&#8230;<\/p>\n","protected":false},"excerpt":{"rendered":"<p>Nu ska det bli ullpl\u00e4dar, efter k\u00e4mpandet med superbreda mattan. Lite sn\u00e4llare mot kroppen, lite mjukare material. &#8221;F\u00f6s-v\u00e4v&#8221; kallar jag pl\u00e4dv\u00e4vning och gardinv\u00e4vning. Inget sl\u00e5ende med slagbommen &#8211; man f\u00f6ser intill inslaget! Det \u00e4r s\u00e5 tr\u00e5ngt i v\u00e4vstugan, och jag &hellip; <a href=\"https:\/\/bruksslojd.se\/?p=715\">Forts\u00e4tt l\u00e4sa <span class=\"meta-nav\">&rarr;<\/span><\/a><\/p>\n","protected":false},"author":1,"featured_media":0,"comment_status":"open","ping_status":"open","sticky":false,"template":"","format":"standard","meta":{"footnotes":""},"categories":[9,17,5,18],"tags":[],"class_list":["post-715","post","type-post","status-publish","format-standard","hentry","category-ergonomi","category-torsovavarna","category-vavning","category-vavskola-hur-man-gor"],"_links":{"self":[{"href":"https:\/\/bruksslojd.se\/index.php?rest_route=\/wp\/v2\/posts\/715","targetHints":{"allow":["GET"]}}],"collection":[{"href":"https:\/\/bruksslojd.se\/index.php?rest_route=\/wp\/v2\/posts"}],"about":[{"href":"https:\/\/bruksslojd.se\/index.php?rest_route=\/wp\/v2\/types\/post"}],"author":[{"embeddable":true,"href":"https:\/\/bruksslojd.se\/index.php?rest_route=\/wp\/v2\/users\/1"}],"replies":[{"embeddable":true,"href":"https:\/\/bruksslojd.se\/index.php?rest_route=%2Fwp%2Fv2%2Fcomments&post=715"}],"version-history":[{"count":3,"href":"https:\/\/bruksslojd.se\/index.php?rest_route=\/wp\/v2\/posts\/715\/revisions"}],"predecessor-version":[{"id":723,"href":"https:\/\/bruksslojd.se\/index.php?rest_route=\/wp\/v2\/posts\/715\/revisions\/723"}],"wp:attachment":[{"href":"https:\/\/bruksslojd.se\/index.php?rest_route=%2Fwp%2Fv2%2Fmedia&parent=715"}],"wp:term":[{"taxonomy":"category","embeddable":true,"href":"https:\/\/bruksslojd.se\/index.php?rest_route=%2Fwp%2Fv2%2Fcategories&post=715"},{"taxonomy":"post_tag","embeddable":true,"href":"https:\/\/bruksslojd.se\/index.php?rest_route=%2Fwp%2Fv2%2Ftags&post=715"}],"curies":[{"name":"wp","href":"https:\/\/api.w.org\/{rel}","templated":true}]}}