{"id":626,"date":"2016-09-12T20:24:33","date_gmt":"2016-09-12T20:24:33","guid":{"rendered":"http:\/\/bruksslojd.se\/?p=626"},"modified":"2016-09-13T11:47:54","modified_gmt":"2016-09-13T11:47:54","slug":"oppet-hus-i-vavateljen","status":"publish","type":"post","link":"https:\/\/bruksslojd.se\/?p=626","title":{"rendered":"\u00d6ppet hus i v\u00e4vatelj\u00e9n"},"content":{"rendered":"<p><img loading=\"lazy\" decoding=\"async\" class=\"alignleft wp-image-559 size-medium\" src=\"https:\/\/bruksslojd.se\/wp-content\/uploads\/2015\/11\/2015-11-18-10.00.08-300x225.jpg\" alt=\"2015-11-18 10.00.08\" width=\"300\" height=\"225\" srcset=\"https:\/\/bruksslojd.se\/wp-content\/uploads\/2015\/11\/2015-11-18-10.00.08-300x225.jpg 300w, https:\/\/bruksslojd.se\/wp-content\/uploads\/2015\/11\/2015-11-18-10.00.08-1024x768.jpg 1024w\" sizes=\"auto, (max-width: 300px) 100vw, 300px\" \/> P\u00e5 l\u00f6rdag, 17 september, h\u00e5ller jag \u00d6ppet Hus i min v\u00e4vatelj\u00e9!<\/p>\n<p>D\u00e5 g\u00e5r det bra att komma och kolla mina b\u00e5da p\u00e5g\u00e5ende v\u00e4var, jeansmatta i den stora v\u00e4vstolen och hellinnel\u00f6pare i den lilla. Samt f\u00f6rst\u00e5s kika p\u00e5 en del f\u00e4rdiga alster som ligger klara i f\u00f6rs\u00e4ljningshyllan. &#8211; Men det handlar inte om att s\u00e4lja &#8211;\u00a0 dagen har jag t\u00e4nkt som en inspirationsdag f\u00f6r alla som gillar textil, oavsett om det g\u00e4ller v\u00e4vning, s\u00f6mnad, broderi, stickning eller virkning &#8211; alla teknikerna p\u00e5g\u00e5r ju p\u00e5 ett eller annat s\u00e4tt i min atelj\u00e9&#8230;<\/p>\n<p>Anledningen till mitt \u00d6ppna Hus \u00e4r att Riksf\u00f6reningen f\u00f6r Handv\u00e4vning firar 25 \u00e5r, och i V\u00e4v-i-V\u00e4st, den region som jag tillh\u00f6r, h\u00e5ller ett stort antal v\u00e4vstugor \u00f6ppet samma l\u00f6rdag. \u00c4ven om jag inte har n\u00e5gon &#8221;v\u00e4vstuga&#8221; i den g\u00e4ngse meningen (en lokal f\u00f6r kollektiv, ofta f\u00f6reningsbaserad v\u00e4vning) ville jag \u00e4nd\u00e5 g\u00e4rna sl\u00e5 ett slag f\u00f6r hantverket h\u00e4r d\u00e4r jag bor och verkar.<\/p>\n<p>F\u00e5r jag till det finns det kanske t o m lite kaffe med hembakt \u00e4pplekaka att tillg\u00e5&#8230;\u00a0 V\u00e4lkommen mellan kl 10 och 15!<\/p>\n","protected":false},"excerpt":{"rendered":"<p>P\u00e5 l\u00f6rdag, 17 september, h\u00e5ller jag \u00d6ppet Hus i min v\u00e4vatelj\u00e9! D\u00e5 g\u00e5r det bra att komma och kolla mina b\u00e5da p\u00e5g\u00e5ende v\u00e4var, jeansmatta i den stora v\u00e4vstolen och hellinnel\u00f6pare i den lilla. Samt f\u00f6rst\u00e5s kika p\u00e5 en del f\u00e4rdiga &hellip; <a href=\"https:\/\/bruksslojd.se\/?p=626\">Forts\u00e4tt l\u00e4sa <span class=\"meta-nav\">&rarr;<\/span><\/a><\/p>\n","protected":false},"author":1,"featured_media":0,"comment_status":"open","ping_status":"open","sticky":false,"template":"","format":"standard","meta":{"footnotes":""},"categories":[7,12,6,15,8,11,5],"tags":[],"class_list":["post-626","post","type-post","status-publish","format-standard","hentry","category-broderi","category-inspiration","category-qviltning","category-somnad","category-stickning","category-utstallningar","category-vavning"],"_links":{"self":[{"href":"https:\/\/bruksslojd.se\/index.php?rest_route=\/wp\/v2\/posts\/626","targetHints":{"allow":["GET"]}}],"collection":[{"href":"https:\/\/bruksslojd.se\/index.php?rest_route=\/wp\/v2\/posts"}],"about":[{"href":"https:\/\/bruksslojd.se\/index.php?rest_route=\/wp\/v2\/types\/post"}],"author":[{"embeddable":true,"href":"https:\/\/bruksslojd.se\/index.php?rest_route=\/wp\/v2\/users\/1"}],"replies":[{"embeddable":true,"href":"https:\/\/bruksslojd.se\/index.php?rest_route=%2Fwp%2Fv2%2Fcomments&post=626"}],"version-history":[{"count":4,"href":"https:\/\/bruksslojd.se\/index.php?rest_route=\/wp\/v2\/posts\/626\/revisions"}],"predecessor-version":[{"id":630,"href":"https:\/\/bruksslojd.se\/index.php?rest_route=\/wp\/v2\/posts\/626\/revisions\/630"}],"wp:attachment":[{"href":"https:\/\/bruksslojd.se\/index.php?rest_route=%2Fwp%2Fv2%2Fmedia&parent=626"}],"wp:term":[{"taxonomy":"category","embeddable":true,"href":"https:\/\/bruksslojd.se\/index.php?rest_route=%2Fwp%2Fv2%2Fcategories&post=626"},{"taxonomy":"post_tag","embeddable":true,"href":"https:\/\/bruksslojd.se\/index.php?rest_route=%2Fwp%2Fv2%2Ftags&post=626"}],"curies":[{"name":"wp","href":"https:\/\/api.w.org\/{rel}","templated":true}]}}