{"id":486,"date":"2015-02-02T14:12:26","date_gmt":"2015-02-02T14:12:26","guid":{"rendered":"http:\/\/bruksslojd.se\/?p=486"},"modified":"2018-02-15T13:15:10","modified_gmt":"2018-02-15T13:15:10","slug":"stopp-i-maskineriet","status":"publish","type":"post","link":"https:\/\/bruksslojd.se\/?p=486","title":{"rendered":"Stopp i maskineriet"},"content":{"rendered":"<p><img loading=\"lazy\" decoding=\"async\" class=\"alignleft size-medium wp-image-487\" title=\"2015-02-02 14.54.47\" src=\"https:\/\/bruksslojd.se\/wp-content\/uploads\/2015\/02\/2015-02-02-14.54.47-300x225.jpg\" alt=\"\" width=\"300\" height=\"225\" srcset=\"https:\/\/bruksslojd.se\/wp-content\/uploads\/2015\/02\/2015-02-02-14.54.47-300x225.jpg 300w, https:\/\/bruksslojd.se\/wp-content\/uploads\/2015\/02\/2015-02-02-14.54.47-1024x768.jpg 1024w\" sizes=\"auto, (max-width: 300px) 100vw, 300px\" \/>Man l\u00e4r s\u00e5 l\u00e4nge man lever! P\u00e5 facebook-gruppen V\u00e4vspolen, d\u00e4r jag \u00e4r medlem, l\u00e4ste jag en tr\u00e5d ig\u00e5r om ljus\u00e4ktheten i vissa f\u00e4rgpreparat. Den ljus\u00e4ktheten var inte mycket att hurra f\u00f6r. V\u00e4verskan hade lagt ut en bild p\u00e5 en mild, ljusgr\u00e5 matta med ljust r\u00f6da accenter i. N\u00e4r hon v\u00e4vde den f\u00f6r 5 \u00e5r sedan hade den varit svart, grafitgr\u00e5 och r\u00f6d! Sen hade jag sv\u00e5rt att sova, f\u00f6r precis det f\u00f6rs\u00f6ker jag ju uppn\u00e5 med senaste veckornas f\u00e4rgningar i min \u00e4ldsta tv\u00e4ttmaskin &#8211; svart, grafitgr\u00e5tt och m\u00f6rkt r\u00f6tt. Det ska matcha det engelskt r\u00f6da som f\u00f6rra inl\u00e4gget handlade om. S\u00e5 idag bet jag i det sura \u00e4pplet och best\u00e4mde mig f\u00f6r att bleka mitt nyf\u00e4rgade material innan jag anv\u00e4nder det till mattor. G\u00e5rdagens och nattens ymniga sn\u00f6fall har givit oss ett kritvitt landskap, och torkvindan st\u00e5r ju ute \u00e5ret om h\u00e4r. S\u00e5 blekte ju tidigare generationers kvinnor sina linv\u00e4var av egenodlat, handspunnet lingarn &#8211; ut p\u00e5 morgonen p\u00e5 sn\u00f6t\u00e4cket mot solsidan, och s\u00e5 in p\u00e5 kv\u00e4llen igen. Flera veckor i str\u00e4ck. Mina trasor ska f\u00e5 h\u00e4nga dagar och n\u00e4tter, i ur och skur, sol (mycket, hoppas jag!) och bl\u00e5st &#8211; tills det \u00e4r dags att b\u00f6rja h\u00e4nga tv\u00e4tt ist\u00e4llet. S\u00e5 f\u00e5r jag se hur resultatet blir, och anv\u00e4nda materialet i andra mattor. Till den aktuella best\u00e4llningen \u00e4r det bara att b\u00f6rja om igen, med garanterat ljus\u00e4kta f\u00e4rger. Vi har ju ett f\u00f6rstklassigt f\u00f6retag p\u00e5 n\u00e4ra h\u00e5ll: F\u00e4rgkraft, i Lyrestad. Margret K\u00e5llberg kan sina saker, det \u00e4r d\u00e5 s\u00e4kert!<\/p>\n","protected":false},"excerpt":{"rendered":"<p>Man l\u00e4r s\u00e5 l\u00e4nge man lever! P\u00e5 facebook-gruppen V\u00e4vspolen, d\u00e4r jag \u00e4r medlem, l\u00e4ste jag en tr\u00e5d ig\u00e5r om ljus\u00e4ktheten i vissa f\u00e4rgpreparat. Den ljus\u00e4ktheten var inte mycket att hurra f\u00f6r. V\u00e4verskan hade lagt ut en bild p\u00e5 en mild, &hellip; <a href=\"https:\/\/bruksslojd.se\/?p=486\">Forts\u00e4tt l\u00e4sa <span class=\"meta-nav\">&rarr;<\/span><\/a><\/p>\n","protected":false},"author":1,"featured_media":0,"comment_status":"open","ping_status":"open","sticky":false,"template":"","format":"standard","meta":{"footnotes":""},"categories":[17,5,18],"tags":[],"class_list":["post-486","post","type-post","status-publish","format-standard","hentry","category-torsovavarna","category-vavning","category-vavskola-hur-man-gor"],"_links":{"self":[{"href":"https:\/\/bruksslojd.se\/index.php?rest_route=\/wp\/v2\/posts\/486","targetHints":{"allow":["GET"]}}],"collection":[{"href":"https:\/\/bruksslojd.se\/index.php?rest_route=\/wp\/v2\/posts"}],"about":[{"href":"https:\/\/bruksslojd.se\/index.php?rest_route=\/wp\/v2\/types\/post"}],"author":[{"embeddable":true,"href":"https:\/\/bruksslojd.se\/index.php?rest_route=\/wp\/v2\/users\/1"}],"replies":[{"embeddable":true,"href":"https:\/\/bruksslojd.se\/index.php?rest_route=%2Fwp%2Fv2%2Fcomments&post=486"}],"version-history":[{"count":5,"href":"https:\/\/bruksslojd.se\/index.php?rest_route=\/wp\/v2\/posts\/486\/revisions"}],"predecessor-version":[{"id":757,"href":"https:\/\/bruksslojd.se\/index.php?rest_route=\/wp\/v2\/posts\/486\/revisions\/757"}],"wp:attachment":[{"href":"https:\/\/bruksslojd.se\/index.php?rest_route=%2Fwp%2Fv2%2Fmedia&parent=486"}],"wp:term":[{"taxonomy":"category","embeddable":true,"href":"https:\/\/bruksslojd.se\/index.php?rest_route=%2Fwp%2Fv2%2Fcategories&post=486"},{"taxonomy":"post_tag","embeddable":true,"href":"https:\/\/bruksslojd.se\/index.php?rest_route=%2Fwp%2Fv2%2Ftags&post=486"}],"curies":[{"name":"wp","href":"https:\/\/api.w.org\/{rel}","templated":true}]}}