{"id":449,"date":"2014-06-22T09:38:32","date_gmt":"2014-06-22T09:38:32","guid":{"rendered":"http:\/\/bruksslojd.se\/?p=449"},"modified":"2014-06-22T19:58:14","modified_gmt":"2014-06-22T19:58:14","slug":"fadda-blommor","status":"publish","type":"post","link":"https:\/\/bruksslojd.se\/?p=449","title":{"rendered":"F\u00e5dda blommor"},"content":{"rendered":"<p>Varpen jag fick av en v\u00e4ninna, som p\u00e5stod att hon aldrig skulle v\u00e4va mera, hade varit t\u00e4nkt till kuddar i noppv\u00e4v. Det \u00e4r kanske en sp\u00e4nnande teknik men k\u00e4ndes inte riktigt r\u00e4tt f\u00f6r mig. S\u00e5 n\u00e4r jag hade dragit p\u00e5 varpen, komplett\u00a0med sked och f\u00e4rdigsolvad,\u00a0p\u00e5 lilla v\u00e4vstolen v\u00e4vde jag f\u00f6rst en l\u00f6pare vitt i vitt, och d\u00e4refter en till fast med oblekt inslag och f\u00e4rgat p\u00e4rlgarn i r\u00e4nder. &#8211; Sen klippte jag bort partier av varpen f\u00f6r att f\u00e5 luckor i v\u00e4ven, och v\u00e4vde tuskaft varvat med karelsk spets som ju ger ytterligare &#8221;h\u00e5l&#8221;. Resultatet? En ny insynsskyddsgardin till v\u00e5rt badrum som vetter mot den h\u00e5rt frekventerade altanen&#8230;\u00a0 Lite bredare, kanske 6 cm, skulle nog varpen ha varit f\u00f6r att passa optimalt i f\u00f6nstret. Men det blev fint i alla fall.<\/p>\n<p><img loading=\"lazy\" decoding=\"async\" title=\"Insynsskyddsgardin 2014\" width=\"300\" height=\"225\" class=\"alignleft size-medium wp-image-450\" src=\"https:\/\/bruksslojd.se\/wp-content\/uploads\/2014\/06\/2014-06-05-12.32.49-300x225.jpg\" alt=\"\" srcset=\"https:\/\/bruksslojd.se\/wp-content\/uploads\/2014\/06\/2014-06-05-12.32.49-300x225.jpg 300w, https:\/\/bruksslojd.se\/wp-content\/uploads\/2014\/06\/2014-06-05-12.32.49-1024x768.jpg 1024w\" sizes=\"auto, (max-width: 300px) 100vw, 300px\" \/><img loading=\"lazy\" decoding=\"async\" title=\"Detalj insynsskyddsgardin 2014\" width=\"225\" height=\"300\" class=\"alignleft size-medium wp-image-451\" src=\"https:\/\/bruksslojd.se\/wp-content\/uploads\/2014\/06\/2014-06-05-12.33.51-225x300.jpg\" alt=\"\" srcset=\"https:\/\/bruksslojd.se\/wp-content\/uploads\/2014\/06\/2014-06-05-12.33.51-225x300.jpg 225w, https:\/\/bruksslojd.se\/wp-content\/uploads\/2014\/06\/2014-06-05-12.33.51-768x1024.jpg 768w\" sizes=\"auto, (max-width: 225px) 100vw, 225px\" \/><\/p>\n","protected":false},"excerpt":{"rendered":"<p>Varpen jag fick av en v\u00e4ninna, som p\u00e5stod att hon aldrig skulle v\u00e4va mera, hade varit t\u00e4nkt till kuddar i noppv\u00e4v. Det \u00e4r kanske en sp\u00e4nnande teknik men k\u00e4ndes inte riktigt r\u00e4tt f\u00f6r mig. S\u00e5 n\u00e4r jag hade dragit p\u00e5 &hellip; <a href=\"https:\/\/bruksslojd.se\/?p=449\">Forts\u00e4tt l\u00e4sa <span class=\"meta-nav\">&rarr;<\/span><\/a><\/p>\n","protected":false},"author":1,"featured_media":0,"comment_status":"open","ping_status":"open","sticky":false,"template":"","format":"standard","meta":{"footnotes":""},"categories":[5],"tags":[],"class_list":["post-449","post","type-post","status-publish","format-standard","hentry","category-vavning"],"_links":{"self":[{"href":"https:\/\/bruksslojd.se\/index.php?rest_route=\/wp\/v2\/posts\/449","targetHints":{"allow":["GET"]}}],"collection":[{"href":"https:\/\/bruksslojd.se\/index.php?rest_route=\/wp\/v2\/posts"}],"about":[{"href":"https:\/\/bruksslojd.se\/index.php?rest_route=\/wp\/v2\/types\/post"}],"author":[{"embeddable":true,"href":"https:\/\/bruksslojd.se\/index.php?rest_route=\/wp\/v2\/users\/1"}],"replies":[{"embeddable":true,"href":"https:\/\/bruksslojd.se\/index.php?rest_route=%2Fwp%2Fv2%2Fcomments&post=449"}],"version-history":[{"count":4,"href":"https:\/\/bruksslojd.se\/index.php?rest_route=\/wp\/v2\/posts\/449\/revisions"}],"predecessor-version":[{"id":456,"href":"https:\/\/bruksslojd.se\/index.php?rest_route=\/wp\/v2\/posts\/449\/revisions\/456"}],"wp:attachment":[{"href":"https:\/\/bruksslojd.se\/index.php?rest_route=%2Fwp%2Fv2%2Fmedia&parent=449"}],"wp:term":[{"taxonomy":"category","embeddable":true,"href":"https:\/\/bruksslojd.se\/index.php?rest_route=%2Fwp%2Fv2%2Fcategories&post=449"},{"taxonomy":"post_tag","embeddable":true,"href":"https:\/\/bruksslojd.se\/index.php?rest_route=%2Fwp%2Fv2%2Ftags&post=449"}],"curies":[{"name":"wp","href":"https:\/\/api.w.org\/{rel}","templated":true}]}}