{"id":415,"date":"2014-02-19T12:45:15","date_gmt":"2014-02-19T12:45:15","guid":{"rendered":"http:\/\/bruksslojd.se\/?p=415"},"modified":"2014-02-19T12:47:52","modified_gmt":"2014-02-19T12:47:52","slug":"gladhalet","status":"publish","type":"post","link":"https:\/\/bruksslojd.se\/?p=415","title":{"rendered":"Gladh\u00e5let!"},"content":{"rendered":"<p><img loading=\"lazy\" decoding=\"async\" title=\"2014-02-19 12.27.53\" class=\"alignleft size-medium wp-image-416\" src=\"https:\/\/bruksslojd.se\/wp-content\/uploads\/2014\/02\/2014-02-19-12.27.53-300x225.jpg\" alt=\"\" width=\"300\" height=\"225\" srcset=\"https:\/\/bruksslojd.se\/wp-content\/uploads\/2014\/02\/2014-02-19-12.27.53-300x225.jpg 300w, https:\/\/bruksslojd.se\/wp-content\/uploads\/2014\/02\/2014-02-19-12.27.53-1024x768.jpg 1024w\" sizes=\"auto, (max-width: 300px) 100vw, 300px\" \/><img loading=\"lazy\" decoding=\"async\" title=\"2014-02-19 12.27.34\" class=\"alignleft size-medium wp-image-417\" src=\"https:\/\/bruksslojd.se\/wp-content\/uploads\/2014\/02\/2014-02-19-12.27.34-300x225.jpg\" alt=\"\" width=\"300\" height=\"225\" srcset=\"https:\/\/bruksslojd.se\/wp-content\/uploads\/2014\/02\/2014-02-19-12.27.34-300x225.jpg 300w, https:\/\/bruksslojd.se\/wp-content\/uploads\/2014\/02\/2014-02-19-12.27.34-1024x768.jpg 1024w\" sizes=\"auto, (max-width: 300px) 100vw, 300px\" \/>\u00c4ntligen \u00e4r &#8221;gladh\u00e5let&#8221; uppe! Farmors uttryck f\u00f6r n\u00e4r garnbomsk\u00e4ppen l\u00e4mnar bakre str\u00e4ckbommen och det blir luft emellan, d\u00e4r det enbart varit varp f\u00f6rut. Pigorna som v\u00e4vde o\u00e4ndliga meter lakansv\u00e4v f\u00f6rr l\u00e4r ha v\u00e4ntat ot\u00e5ligt p\u00e5 &#8221;gladh\u00e5let&#8221;&#8230;.<br \/>\nOch det f\u00e5r jag v\u00e4l tillst\u00e5 att jag ocks\u00e5 gjort. Det \u00e4r inte gjort i en handv\u00e4ndning att v\u00e4va 11 m m\u00f6beltyg i lin\/bomull&#8230;<\/p>\n<p>Och p\u00e5 den lilla lilla lappen st\u00e5r det faktiskt &#8221;1100&#8221;, dvs nu \u00e4r jag egentligen klar. Men eftersom varpen r\u00e4cker en dryg halvmeter till, och det finns inslagsgarn s\u00e5 det r\u00e4cker, ska jag underl\u00e4tta f\u00f6r tapets\u00f6ren genom att v\u00e4va s\u00e5 l\u00e4nge det g\u00e5r. S\u00e5 f\u00e5r han l\u00e4ttare med marginalerna vid ev m\u00f6nsterpassning med r\u00e4nderna!<\/p>\n<p>&nbsp;<\/p>\n","protected":false},"excerpt":{"rendered":"<p>\u00c4ntligen \u00e4r &#8221;gladh\u00e5let&#8221; uppe! Farmors uttryck f\u00f6r n\u00e4r garnbomsk\u00e4ppen l\u00e4mnar bakre str\u00e4ckbommen och det blir luft emellan, d\u00e4r det enbart varit varp f\u00f6rut. Pigorna som v\u00e4vde o\u00e4ndliga meter lakansv\u00e4v f\u00f6rr l\u00e4r ha v\u00e4ntat ot\u00e5ligt p\u00e5 &#8221;gladh\u00e5let&#8221;&#8230;. Och det f\u00e5r jag &hellip; <a href=\"https:\/\/bruksslojd.se\/?p=415\">Forts\u00e4tt l\u00e4sa <span class=\"meta-nav\">&rarr;<\/span><\/a><\/p>\n","protected":false},"author":1,"featured_media":0,"comment_status":"open","ping_status":"open","sticky":false,"template":"","format":"standard","meta":{"footnotes":""},"categories":[14,5],"tags":[],"class_list":["post-415","post","type-post","status-publish","format-standard","hentry","category-salongsmobeln-fran-1924","category-vavning"],"_links":{"self":[{"href":"https:\/\/bruksslojd.se\/index.php?rest_route=\/wp\/v2\/posts\/415","targetHints":{"allow":["GET"]}}],"collection":[{"href":"https:\/\/bruksslojd.se\/index.php?rest_route=\/wp\/v2\/posts"}],"about":[{"href":"https:\/\/bruksslojd.se\/index.php?rest_route=\/wp\/v2\/types\/post"}],"author":[{"embeddable":true,"href":"https:\/\/bruksslojd.se\/index.php?rest_route=\/wp\/v2\/users\/1"}],"replies":[{"embeddable":true,"href":"https:\/\/bruksslojd.se\/index.php?rest_route=%2Fwp%2Fv2%2Fcomments&post=415"}],"version-history":[{"count":3,"href":"https:\/\/bruksslojd.se\/index.php?rest_route=\/wp\/v2\/posts\/415\/revisions"}],"predecessor-version":[{"id":420,"href":"https:\/\/bruksslojd.se\/index.php?rest_route=\/wp\/v2\/posts\/415\/revisions\/420"}],"wp:attachment":[{"href":"https:\/\/bruksslojd.se\/index.php?rest_route=%2Fwp%2Fv2%2Fmedia&parent=415"}],"wp:term":[{"taxonomy":"category","embeddable":true,"href":"https:\/\/bruksslojd.se\/index.php?rest_route=%2Fwp%2Fv2%2Fcategories&post=415"},{"taxonomy":"post_tag","embeddable":true,"href":"https:\/\/bruksslojd.se\/index.php?rest_route=%2Fwp%2Fv2%2Ftags&post=415"}],"curies":[{"name":"wp","href":"https:\/\/api.w.org\/{rel}","templated":true}]}}