{"id":165,"date":"2011-12-30T10:28:45","date_gmt":"2011-12-30T10:28:45","guid":{"rendered":"http:\/\/bruksslojd.se\/?p=165"},"modified":"2013-12-11T11:57:20","modified_gmt":"2013-12-11T11:57:20","slug":"vila-och-aterhamtning","status":"publish","type":"post","link":"https:\/\/bruksslojd.se\/?p=165","title":{"rendered":"Vila och \u00e5terh\u00e4mtning"},"content":{"rendered":"<p>Efter h\u00f6stens h\u00f6ga tempo och tv\u00e5 julmarknader i december med fyllda bord och bra f\u00f6rs\u00e4ljning \u00e4r det g\u00f4tt med jul och ny\u00e5r &#8211; en tid av \u00e5terh\u00e4mtning. Skapande arbete p\u00e5g\u00e5r ju inte enbart i min v\u00e4vstuga. Det p\u00e5g\u00e5r hela tiden i huvudet: snygg f\u00e4rgkombination! skulle kunna anv\u00e4ndas p\u00e5 en liten v\u00e4ska. (N\u00e4r jag ser en annons i en tidning.)\u00a0Eller: l\u00e4ckra r\u00f6da nyanser &#8211; till n\u00e4sta matta kanske? (N\u00e4r solnedg\u00e5ngen f\u00f6reb\u00e5dar morgondagens storm.)Eller: hur har dom gjort sk\u00e4rningen p\u00e5 den jackan? Det d\u00e4r tyget har legat l\u00e4nge hemma\u00a0nu. (P\u00e5 ICA n\u00e4r vi handlar mat.)\u00a0<img loading=\"lazy\" decoding=\"async\" title=\"Ny mattv\u00e4v p\u00e5 g\u00e5ng\" width=\"150\" height=\"150\" class=\"alignright size-thumbnail wp-image-166\" src=\"https:\/\/bruksslojd.se\/wp-content\/uploads\/2011\/12\/021-150x150.jpg\" alt=\"\" \/><\/p>\n<p>Men \u00e5terh\u00e4mtningen m\u00e5ste till. Fr\u00e5nvaron fr\u00e5n verkstaden. Och sen, inte minst, tid att r\u00f6ja upp bland garnsnuttar, filtbitar och tr\u00e5dar. Skapa fria ytor d\u00e4r nya projekt kan ta form.<\/p>\n<p><img loading=\"lazy\" decoding=\"async\" title=\"Materialrester\" width=\"150\" height=\"150\" class=\"alignleft size-thumbnail wp-image-167\" src=\"https:\/\/bruksslojd.se\/wp-content\/uploads\/2011\/12\/019-150x150.jpg\" alt=\"\" \/><\/p>\n","protected":false},"excerpt":{"rendered":"<p>Efter h\u00f6stens h\u00f6ga tempo och tv\u00e5 julmarknader i december med fyllda bord och bra f\u00f6rs\u00e4ljning \u00e4r det g\u00f4tt med jul och ny\u00e5r &#8211; en tid av \u00e5terh\u00e4mtning. Skapande arbete p\u00e5g\u00e5r ju inte enbart i min v\u00e4vstuga. Det p\u00e5g\u00e5r hela tiden &hellip; <a href=\"https:\/\/bruksslojd.se\/?p=165\">Forts\u00e4tt l\u00e4sa <span class=\"meta-nav\">&rarr;<\/span><\/a><\/p>\n","protected":false},"author":1,"featured_media":0,"comment_status":"open","ping_status":"open","sticky":false,"template":"","format":"standard","meta":{"footnotes":""},"categories":[7,12,5],"tags":[],"class_list":["post-165","post","type-post","status-publish","format-standard","hentry","category-broderi","category-inspiration","category-vavning"],"_links":{"self":[{"href":"https:\/\/bruksslojd.se\/index.php?rest_route=\/wp\/v2\/posts\/165","targetHints":{"allow":["GET"]}}],"collection":[{"href":"https:\/\/bruksslojd.se\/index.php?rest_route=\/wp\/v2\/posts"}],"about":[{"href":"https:\/\/bruksslojd.se\/index.php?rest_route=\/wp\/v2\/types\/post"}],"author":[{"embeddable":true,"href":"https:\/\/bruksslojd.se\/index.php?rest_route=\/wp\/v2\/users\/1"}],"replies":[{"embeddable":true,"href":"https:\/\/bruksslojd.se\/index.php?rest_route=%2Fwp%2Fv2%2Fcomments&post=165"}],"version-history":[{"count":5,"href":"https:\/\/bruksslojd.se\/index.php?rest_route=\/wp\/v2\/posts\/165\/revisions"}],"predecessor-version":[{"id":402,"href":"https:\/\/bruksslojd.se\/index.php?rest_route=\/wp\/v2\/posts\/165\/revisions\/402"}],"wp:attachment":[{"href":"https:\/\/bruksslojd.se\/index.php?rest_route=%2Fwp%2Fv2%2Fmedia&parent=165"}],"wp:term":[{"taxonomy":"category","embeddable":true,"href":"https:\/\/bruksslojd.se\/index.php?rest_route=%2Fwp%2Fv2%2Fcategories&post=165"},{"taxonomy":"post_tag","embeddable":true,"href":"https:\/\/bruksslojd.se\/index.php?rest_route=%2Fwp%2Fv2%2Ftags&post=165"}],"curies":[{"name":"wp","href":"https:\/\/api.w.org\/{rel}","templated":true}]}}