{"id":1072,"date":"2023-10-18T09:40:58","date_gmt":"2023-10-18T09:40:58","guid":{"rendered":"https:\/\/bruksslojd.se\/?p=1072"},"modified":"2023-10-18T09:40:58","modified_gmt":"2023-10-18T09:40:58","slug":"fargkoordination-och-bred-vavning","status":"publish","type":"post","link":"https:\/\/bruksslojd.se\/?p=1072","title":{"rendered":"F\u00e4rgkoordination och bred v\u00e4vning"},"content":{"rendered":"\n<p>Nu \u00e4r jag ig\u00e5ng med matta nr 2 till Tors\u00f6 kyrka!<\/p>\n\n\n\n<figure class=\"wp-block-gallery has-nested-images columns-default is-cropped wp-block-gallery-1 is-layout-flex wp-block-gallery-is-layout-flex\">\n<figure class=\"wp-block-image size-large\"><img loading=\"lazy\" decoding=\"async\" width=\"768\" height=\"1024\" data-id=\"1075\" src=\"https:\/\/bruksslojd.se\/wp-content\/uploads\/2023\/10\/IMG_5263-768x1024.jpg\" alt=\"\" class=\"wp-image-1075\" srcset=\"https:\/\/bruksslojd.se\/wp-content\/uploads\/2023\/10\/IMG_5263-768x1024.jpg 768w, https:\/\/bruksslojd.se\/wp-content\/uploads\/2023\/10\/IMG_5263-225x300.jpg 225w, https:\/\/bruksslojd.se\/wp-content\/uploads\/2023\/10\/IMG_5263-1152x1536.jpg 1152w, https:\/\/bruksslojd.se\/wp-content\/uploads\/2023\/10\/IMG_5263-1536x2048.jpg 1536w, https:\/\/bruksslojd.se\/wp-content\/uploads\/2023\/10\/IMG_5263-scaled.jpg 1920w\" sizes=\"auto, (max-width: 768px) 100vw, 768px\" \/><\/figure>\n\n\n\n<figure class=\"wp-block-image size-large\"><img loading=\"lazy\" decoding=\"async\" width=\"768\" height=\"1024\" data-id=\"1074\" src=\"https:\/\/bruksslojd.se\/wp-content\/uploads\/2023\/10\/IMG_5264-768x1024.jpg\" alt=\"\" class=\"wp-image-1074\" srcset=\"https:\/\/bruksslojd.se\/wp-content\/uploads\/2023\/10\/IMG_5264-768x1024.jpg 768w, https:\/\/bruksslojd.se\/wp-content\/uploads\/2023\/10\/IMG_5264-225x300.jpg 225w, https:\/\/bruksslojd.se\/wp-content\/uploads\/2023\/10\/IMG_5264-1152x1536.jpg 1152w, https:\/\/bruksslojd.se\/wp-content\/uploads\/2023\/10\/IMG_5264-1536x2048.jpg 1536w, https:\/\/bruksslojd.se\/wp-content\/uploads\/2023\/10\/IMG_5264-scaled.jpg 1920w\" sizes=\"auto, (max-width: 768px) 100vw, 768px\" \/><\/figure>\n\n\n\n<figure class=\"wp-block-image size-large\"><img loading=\"lazy\" decoding=\"async\" width=\"768\" height=\"1024\" data-id=\"1073\" src=\"https:\/\/bruksslojd.se\/wp-content\/uploads\/2023\/10\/IMG_5265-768x1024.jpg\" alt=\"\" class=\"wp-image-1073\" srcset=\"https:\/\/bruksslojd.se\/wp-content\/uploads\/2023\/10\/IMG_5265-768x1024.jpg 768w, https:\/\/bruksslojd.se\/wp-content\/uploads\/2023\/10\/IMG_5265-225x300.jpg 225w, https:\/\/bruksslojd.se\/wp-content\/uploads\/2023\/10\/IMG_5265-1152x1536.jpg 1152w, https:\/\/bruksslojd.se\/wp-content\/uploads\/2023\/10\/IMG_5265-1536x2048.jpg 1536w, https:\/\/bruksslojd.se\/wp-content\/uploads\/2023\/10\/IMG_5265-scaled.jpg 1920w\" sizes=\"auto, (max-width: 768px) 100vw, 768px\" \/><\/figure>\n\n\n\n<figure class=\"wp-block-image size-large\"><img loading=\"lazy\" decoding=\"async\" width=\"768\" height=\"1024\" data-id=\"1076\" src=\"https:\/\/bruksslojd.se\/wp-content\/uploads\/2023\/10\/IMG_5266-768x1024.jpg\" alt=\"\" class=\"wp-image-1076\" srcset=\"https:\/\/bruksslojd.se\/wp-content\/uploads\/2023\/10\/IMG_5266-768x1024.jpg 768w, https:\/\/bruksslojd.se\/wp-content\/uploads\/2023\/10\/IMG_5266-225x300.jpg 225w, https:\/\/bruksslojd.se\/wp-content\/uploads\/2023\/10\/IMG_5266-1152x1536.jpg 1152w, https:\/\/bruksslojd.se\/wp-content\/uploads\/2023\/10\/IMG_5266-1536x2048.jpg 1536w, https:\/\/bruksslojd.se\/wp-content\/uploads\/2023\/10\/IMG_5266-scaled.jpg 1920w\" sizes=\"auto, (max-width: 768px) 100vw, 768px\" \/><\/figure>\n<\/figure>\n\n\n\n<p>Tanken med f\u00e4rgen \u00e4r att mattan ska f\u00f6rst\u00e4rka den befintliga mattan fr\u00e5n Atelj\u00e9 Tre B\u00e4ckar i Varnhem, v\u00e4vd av legendaren Agda \u00d6sterberg, som ligger framf\u00f6r koret. Samtidigt ska min matta harmoniera med aprikos\/persikof\u00e4rgen p\u00e5 kyrkb\u00e4nkarna. <\/p>\n\n\n\n<p>V\u00e4vningen \u00e4r inte helt l\u00e4tt &#8211; i v\u00e4vstolen \u00e4r mattan 147 cm bred (f\u00f6r att sen bli ca 140 cm n\u00e4r den \u00e4r nerklippt), s\u00e5 f n kasar jag p\u00e5 rumpan fram och \u00e5ter p\u00e5 v\u00e4vpallen f\u00f6r att n\u00e5 i b\u00e4gge sidor med mattskytteln. En &#8221;pallsl\u00e4de&#8221; \u00e4r best\u00e4lld f\u00f6r att underl\u00e4tta men den dr\u00f6jer n\u00e5gra veckor till. Med en s\u00e5n hoppas jag kunna \u00e5ka fram och \u00e5ter i sidled under v\u00e4vningen. Och p\u00e5 fredag ska jag till rehab f\u00f6r att f\u00e5 hj\u00e4lp med v\u00e4nster handled som har b\u00f6rjat protestera. <\/p>\n\n\n\n<p>Men det \u00e4r ju s\u00e5 roligt och inspirerande att se mattan v\u00e4xa fram, och f\u00f6rest\u00e4lla mig den p\u00e5 plats i kyrkan!<\/p>\n","protected":false},"excerpt":{"rendered":"<p>Nu \u00e4r jag ig\u00e5ng med matta nr 2 till Tors\u00f6 kyrka! Tanken med f\u00e4rgen \u00e4r att mattan ska f\u00f6rst\u00e4rka den befintliga mattan fr\u00e5n Atelj\u00e9 Tre B\u00e4ckar i Varnhem, v\u00e4vd av legendaren Agda \u00d6sterberg, som ligger framf\u00f6r koret. Samtidigt ska min &hellip; <a href=\"https:\/\/bruksslojd.se\/?p=1072\">Forts\u00e4tt l\u00e4sa <span class=\"meta-nav\">&rarr;<\/span><\/a><\/p>\n","protected":false},"author":1,"featured_media":0,"comment_status":"open","ping_status":"open","sticky":false,"template":"","format":"standard","meta":{"footnotes":""},"categories":[9,12,5],"tags":[],"class_list":["post-1072","post","type-post","status-publish","format-standard","hentry","category-ergonomi","category-inspiration","category-vavning"],"_links":{"self":[{"href":"https:\/\/bruksslojd.se\/index.php?rest_route=\/wp\/v2\/posts\/1072","targetHints":{"allow":["GET"]}}],"collection":[{"href":"https:\/\/bruksslojd.se\/index.php?rest_route=\/wp\/v2\/posts"}],"about":[{"href":"https:\/\/bruksslojd.se\/index.php?rest_route=\/wp\/v2\/types\/post"}],"author":[{"embeddable":true,"href":"https:\/\/bruksslojd.se\/index.php?rest_route=\/wp\/v2\/users\/1"}],"replies":[{"embeddable":true,"href":"https:\/\/bruksslojd.se\/index.php?rest_route=%2Fwp%2Fv2%2Fcomments&post=1072"}],"version-history":[{"count":1,"href":"https:\/\/bruksslojd.se\/index.php?rest_route=\/wp\/v2\/posts\/1072\/revisions"}],"predecessor-version":[{"id":1077,"href":"https:\/\/bruksslojd.se\/index.php?rest_route=\/wp\/v2\/posts\/1072\/revisions\/1077"}],"wp:attachment":[{"href":"https:\/\/bruksslojd.se\/index.php?rest_route=%2Fwp%2Fv2%2Fmedia&parent=1072"}],"wp:term":[{"taxonomy":"category","embeddable":true,"href":"https:\/\/bruksslojd.se\/index.php?rest_route=%2Fwp%2Fv2%2Fcategories&post=1072"},{"taxonomy":"post_tag","embeddable":true,"href":"https:\/\/bruksslojd.se\/index.php?rest_route=%2Fwp%2Fv2%2Ftags&post=1072"}],"curies":[{"name":"wp","href":"https:\/\/api.w.org\/{rel}","templated":true}]}}